{"id":3036,"date":"2021-04-23T15:11:35","date_gmt":"2021-04-23T13:11:35","guid":{"rendered":"https:\/\/www.c6-tooling.de\/2021\/04\/23\/lightweight-design-dergisindeki-makale\/"},"modified":"2021-06-25T16:05:27","modified_gmt":"2021-06-25T14:05:27","slug":"lightweight-design-dergisindeki-makale","status":"publish","type":"post","link":"https:\/\/www.c6-tooling.de\/tr\/2021\/04\/23\/lightweight-design-dergisindeki-makale\/","title":{"rendered":"LIGHTWEIGHT.DESIGN Dergisindeki Makale"},"content":{"rendered":"<p>[vc_row css_animation=&#8221;&#8221; row_type=&#8221;row&#8221; use_row_as_full_screen_section=&#8221;no&#8221; type=&#8221;full_width&#8221; angled_section=&#8221;no&#8221; text_align=&#8221;left&#8221; background_image_as_pattern=&#8221;without_pattern&#8221; z_index=&#8221;&#8221;][vc_column][vc_column_text]<\/p>\n<p class = \"p2\"> <strong> Fiber takviyeli plastiklerin 5 eksenli i\u015flenmesi i\u00e7in testere <\/strong> <\/p>\n<p class = \"p2\"> C6 Composite Tooling, fiber takviyeli 5- <span class = \"s2\"> A <\/span> i\u015fleme i\u00e7in bir <span class = \"s2\"> S <\/span> testere geli\u015ftirdi plastikler. <span class = \"s2\"> S <\/span> yani, y\u00fcksek ilerleme h\u0131z\u0131nda lif \u00e7\u0131k\u0131nt\u0131lar\u0131 olmadan delaminasyonsuz <span class = \"s2\"> S <\/span> kesimler b\u0131rak\u0131r. U\u00e7ak g\u00f6vdelerini veya g\u00f6vde par\u00e7alar\u0131n\u0131 i\u015flemek i\u00e7in frezelemeye ekonomik bir alternatif sunar. <\/p>\n<p class = \"p2\"> K\u0131salt\u0131lm\u0131\u015f \u00e7evrim s\u00fcreleri ve minimum manuel yeniden \u00e7al\u0131\u015fma sadece otomotiv end\u00fcstrisinde b\u00fcy\u00fck \u00f6nem ta\u015f\u0131makla kalm\u0131yor, ayn\u0131 zamanda havac\u0131l\u0131k end\u00fcstrisinde s\u00fcre\u00e7lerin optimizasyonu da \u00f6nem kazan\u0131yor. Fiber takviyeli plastikleri (FRP) i\u015flerken bu gereksinimleri kar\u015f\u0131lamak i\u00e7in, C6&#8217;daki m\u00fchendisler modern kompozit malzemeleri kesmek i\u00e7in yeni bir \u00e7\u00f6z\u00fcm geli\u015ftirdi. <\/p>\n<p class = \"p2\"> D\u00fcz &#038; amp; Curve ad\u0131 verilen kompozit testere, bilinen lineer testere kesimini ek boyutlarla geni\u015fletir. 5 eksenli e\u015fzamanl\u0131 i\u015fleme, <span class = \"s2\"> resim 1 <\/span> ve <span class = \"s2\"> resim 2 <\/span> ile serbest bi\u00e7imli bile\u015fenleri art\u0131k g\u00f6rmek m\u00fcmk\u00fcn. Bu yetenek, testerenin saf bir frezeleme operasyonu i\u00e7in ekonomik bir rekabete girmesini ve ayn\u0131 zamanda testereyle kesmenin avantajlar\u0131ndan tam olarak yararlanmas\u0131n\u0131 sa\u011flar. <\/p>\n<p class = \"p2\"> Bu yekpare karb\u00fcr testerenin di\u015f geometrisi, lif \u00e7\u0131k\u0131nt\u0131lar\u0131 olmadan delaminasyonsuz son kesim sa\u011flar. Sonu\u00e7 olarak, bir freze aleti kullan\u0131larak ek bir son i\u015flem i\u015flemine art\u0131k gerek kalmaz. Bu tasarruflara ek olarak, 20 m \/ dk&#8217;ya varan ilerleme h\u0131zlar\u0131 ile ekonomi art\u0131yor. <\/p>\n<p class = \"p2\"> <strong> Testerenin yap\u0131s\u0131 <\/strong> <\/p>\n<p class = \"p3\"> Testerenin ana g\u00f6vdesi sert metalden yap\u0131lm\u0131\u015ft\u0131r. \u00c7evresel ve yan kesme kenarlar\u0131 bunun i\u00e7ine ta\u015flan\u0131r. Arac\u0131n <span class = \"s1\"> \u015eekil 3 <\/span> &#8216;deki ayr\u0131nt\u0131l\u0131 temsili, yan ve \u00e7evresel di\u015fleri g\u00f6stermektedir. Uygulama t\u00fcr\u00fcne ba\u011fl\u0131 olarak testereler elmas kaplama ile tasarlanabilir. <\/p>\n<p class = \"p1\"> Disk \u015feklindeki g\u00f6vde, merkezi deli\u011fi bir tutucuya s\u0131k\u0131\u015ft\u0131r\u0131l\u0131r. Tutucu, i\u00e7i bo\u015f bir \u015faft konikli\u011fi (HSK), dik konik (SK) veya geleneksel bir \u015faft ile sa\u011flanabilir. <\/p>\n<p class = \"p1\"> Farkl\u0131 uygulamalar\u0131 kar\u015f\u0131layabilmek i\u00e7in testere 40 ila 125 mm \u00e7ap aral\u0131\u011f\u0131nda mevcuttur. Testere, farkl\u0131 kesme geni\u015fliklerinde sunulmaktad\u0131r. Kesme geni\u015fli\u011findeki varyans, stabilite ve olas\u0131 tala\u015f emme hacminin ideal kombinasyonunu olu\u015fturur. <\/p>\n<p class = \"p1\"> 5 eksenli i\u015fleme i\u00e7in, testerenin kesme geni\u015flikleri, bile\u015fen malzemesine ve testerenin \u00e7ap\u0131na ba\u011fl\u0131 olarak 1,5 ile 2,5 mm aras\u0131ndad\u0131r. Yaln\u0131zca d\u00fcz kesimler i\u00e7in 1,2 &#8211; 2 mm kesme geni\u015fli\u011fi \u00f6nerilir. Bu, kesme kuvvetlerini ve toz olu\u015fumunu azaltabilir. Bir di\u011fer \u00f6nemli de\u011fi\u015fken ise di\u015f say\u0131s\u0131d\u0131r. D\u0131\u015f \u00e7ap\u0131 70 mm olan bir testere kolayca 180 di\u015fe kadar yerle\u015ftirebilir. Burada \u00e7evresel di\u015flinin spiral y\u00f6nleri gruplar halinde z\u0131t y\u00f6nlerde tasarlanabilir. Bu d\u00fczenleme, y\u00fcksek i\u015fleme ilerleme h\u0131zlar\u0131nda m\u00fckemmel kesme kalitesi sa\u011flar. <\/p>\n<p class = \"p2\"> <strong> Lehimli testereye g\u00f6re fark <\/strong> <\/p>\n<p class = \"p1\"> \u00d6nemli bir husus, \u00e7evresel di\u015flinin yan di\u015ften ayr\u0131lmas\u0131d\u0131r, <span class = \"s1\"> \u015eekil 3 <\/span>. Bu, her iki vitesin de gereksinimlerinize ideal bir \u015fekilde uydurulabilece\u011fi anlam\u0131na gelir. Bu tasar\u0131m, \u00f6rne\u011fin sert metal veya elmasla donat\u0131lm\u0131\u015f geleneksel, lehimli testerelerde m\u00fcmk\u00fcn de\u011fildir. Burada grup di\u015fliler de kullan\u0131l\u0131r, ancak benzer bir etki burada ayarlanamaz. <\/p>\n<p class = \"p1\"> S\u00fcr\u00fcmler aras\u0131ndaki di\u011fer bir fark, yan tasar\u0131m tipidir. Geleneksel, lehimli testerelerde, di\u015fler aras\u0131ndaki di\u015fli halkan\u0131n i\u00e7ine kesmeyen bir ana g\u00f6vde par\u00e7as\u0131 yerle\u015ftirilir. Kompozit testere ile yan di\u015flerin di\u015fleri bo\u015fluksuz olarak dizilir. Bu, yonga alan\u0131 ve kanad\u0131n birbirine bakt\u0131\u011f\u0131 anlam\u0131na gelir, <span class = \"s1\"> \u015eekil 3 <\/span>. Di\u015f, s\u00fcrekli bir halka olu\u015fturur. <\/p>\n<p class = \"p1\"> Bu tasar\u0131m, kavisli yollar\u0131 kesmenin temelidir. Di\u015fli, kesmeyen bir ana g\u00f6vdenin i\u015flenecek malzeme ile temas etmesini engeller ve istenmeyen termal strese neden olur. <\/p>\n<p class = \"p2\"> <strong> S\u00fcre\u00e7teki testere <\/strong> <\/p>\n<p class = \"p3\"> Parmak frezeler genellikle serbest bi\u00e7imli par\u00e7alar\u0131n i\u015flenmesi i\u00e7in kullan\u0131l\u0131r. Freze tak\u0131m\u0131n\u0131n y\u00fcz\u00fcyle yap\u0131lan baz\u0131 i\u015flemelere ek olarak, kesme kenar\u0131 genellikle silindirik tak\u0131m\u0131n \u00e7evresel kesme kenar\u0131 taraf\u0131ndan olu\u015fturulur. Ek olarak, freze tak\u0131m\u0131 ayn\u0131 ode olabilir.[\/vc_column_text][vc_empty_space][\/vc_column][\/vc_row]<\/p>\n","protected":false},"excerpt":{"rendered":"<p>C6 Composite Tooling, fiber takviyeli plastiklerin 5 eksenli i\u015flenmesi i\u00e7in bir testere geli\u015ftirdi. Lifleri \u00e7\u0131k\u0131nt\u0131 yapmadan ve ayn\u0131 zamanda y\u00fcksek ilerleme h\u0131z\u0131yla delaminasyonsuz kesimler b\u0131rak\u0131r. U\u00e7ak g\u00f6vdelerini veya g\u00f6vde par\u00e7alar\u0131n\u0131 i\u015flemek i\u00e7in frezelemeye ekonomik bir alternatif sunar. <\/p>\n","protected":false},"author":1,"featured_media":3037,"comment_status":"closed","ping_status":"closed","sticky":false,"template":"","format":"standard","meta":{"inline_featured_image":false,"footnotes":""},"categories":[1],"tags":[],"_links":{"self":[{"href":"https:\/\/www.c6-tooling.de\/tr\/wp-json\/wp\/v2\/posts\/3036"}],"collection":[{"href":"https:\/\/www.c6-tooling.de\/tr\/wp-json\/wp\/v2\/posts"}],"about":[{"href":"https:\/\/www.c6-tooling.de\/tr\/wp-json\/wp\/v2\/types\/post"}],"author":[{"embeddable":true,"href":"https:\/\/www.c6-tooling.de\/tr\/wp-json\/wp\/v2\/users\/1"}],"replies":[{"embeddable":true,"href":"https:\/\/www.c6-tooling.de\/tr\/wp-json\/wp\/v2\/comments?post=3036"}],"version-history":[{"count":8,"href":"https:\/\/www.c6-tooling.de\/tr\/wp-json\/wp\/v2\/posts\/3036\/revisions"}],"predecessor-version":[{"id":3672,"href":"https:\/\/www.c6-tooling.de\/tr\/wp-json\/wp\/v2\/posts\/3036\/revisions\/3672"}],"wp:featuredmedia":[{"embeddable":true,"href":"https:\/\/www.c6-tooling.de\/tr\/wp-json\/wp\/v2\/media\/3037"}],"wp:attachment":[{"href":"https:\/\/www.c6-tooling.de\/tr\/wp-json\/wp\/v2\/media?parent=3036"}],"wp:term":[{"taxonomy":"category","embeddable":true,"href":"https:\/\/www.c6-tooling.de\/tr\/wp-json\/wp\/v2\/categories?post=3036"},{"taxonomy":"post_tag","embeddable":true,"href":"https:\/\/www.c6-tooling.de\/tr\/wp-json\/wp\/v2\/tags?post=3036"}],"curies":[{"name":"wp","href":"https:\/\/api.w.org\/{rel}","templated":true}]}}