{"id":5556,"date":"2025-09-08T07:59:01","date_gmt":"2025-09-08T05:59:01","guid":{"rendered":"https:\/\/www.c6-tooling.de\/?p=5556"},"modified":"2025-09-08T07:59:01","modified_gmt":"2025-09-08T05:59:01","slug":"cin-kompozit-fuari-16-18-eyluel-2025","status":"publish","type":"post","link":"https:\/\/www.c6-tooling.de\/tr\/2025\/09\/08\/cin-kompozit-fuari-16-18-eyluel-2025\/","title":{"rendered":"\u00c7in Kompozit Fuar\u0131 16 &#8211; 18 Eyl\u00fcl 2025"},"content":{"rendered":"<p>[vc_row css_animation=&#8221;&#8221; row_type=&#8221;row&#8221; use_row_as_full_screen_section=&#8221;no&#8221; type=&#8221;full_width&#8221; angled_section=&#8221;no&#8221; text_align=&#8221;left&#8221; background_image_as_pattern=&#8221;without_pattern&#8221; z_index=&#8221;&#8221;][vc_column][vc_column_text]C6 Composite Tooling, bu y\u0131l China Composites Expo 2025\u2019e kat\u0131lacakt\u0131r. Fuar, 16 \u2013 18 Eyl\u00fcl 2025 tarihleri aras\u0131nda \u015eanghay Ulusal Sergi ve Kongre Merkezi (NECC)\u2019nde ger\u00e7ekle\u015ftirilecektir.<\/p>\n<p>Fuar, kompozit malzemeler i\u00e7in \u00f6nde gelen uluslararas\u0131 platformlardan biridir ve d\u00fcnyan\u0131n d\u00f6rt bir yan\u0131ndan \u00fcreticileri, geli\u015ftiricileri ve kullan\u0131c\u0131lar\u0131 bir araya getirmektedir.<\/p>\n<p>Bu etkinlikte en yeni CNC i\u015fleme \u00e7\u00f6z\u00fcmlerimizi, tak\u0131mlar\u0131m\u0131z\u0131 ve y\u00fcksek performansl\u0131 kompozit uygulamalar\u0131 i\u00e7in teknolojilerimizi sergileyece\u011fiz. Ziyaret\u00e7iler, ekibimizle do\u011frudan tan\u0131\u015fma ve projelerine \u00f6zel \u00e7\u00f6z\u00fcmler hakk\u0131nda g\u00f6r\u00fc\u015fme f\u0131rsat\u0131 bulacaklard\u0131r.<\/p>\n<p> Etkinlik hakk\u0131nda daha fazla bilgi i\u00e7in: <a href=\"https:\/\/www.chinacompositesexpo.com\/en\/\" target=\"_blank\" rel=\"noopener\">China Composites Expo 2025<\/a>[\/vc_column_text][\/vc_column][\/vc_row]<\/p>\n","protected":false},"excerpt":{"rendered":"<p>C6 Composite Tooling, bu y\u0131l **China Composites Expo 2025**\u2019e kat\u0131lacakt\u0131r. Fuar, **16 \u2013 18 Eyl\u00fcl 2025** tarihlerinde **\u015eanghay Ulusal Sergi ve Kongre Merkezi (NECC)**\u2019nde ger\u00e7ekle\u015ftirilecektir.<\/p>\n","protected":false},"author":1,"featured_media":5573,"comment_status":"closed","ping_status":"closed","sticky":false,"template":"","format":"standard","meta":{"inline_featured_image":false,"footnotes":""},"categories":[48],"tags":[],"_links":{"self":[{"href":"https:\/\/www.c6-tooling.de\/tr\/wp-json\/wp\/v2\/posts\/5556"}],"collection":[{"href":"https:\/\/www.c6-tooling.de\/tr\/wp-json\/wp\/v2\/posts"}],"about":[{"href":"https:\/\/www.c6-tooling.de\/tr\/wp-json\/wp\/v2\/types\/post"}],"author":[{"embeddable":true,"href":"https:\/\/www.c6-tooling.de\/tr\/wp-json\/wp\/v2\/users\/1"}],"replies":[{"embeddable":true,"href":"https:\/\/www.c6-tooling.de\/tr\/wp-json\/wp\/v2\/comments?post=5556"}],"version-history":[{"count":4,"href":"https:\/\/www.c6-tooling.de\/tr\/wp-json\/wp\/v2\/posts\/5556\/revisions"}],"predecessor-version":[{"id":5584,"href":"https:\/\/www.c6-tooling.de\/tr\/wp-json\/wp\/v2\/posts\/5556\/revisions\/5584"}],"wp:featuredmedia":[{"embeddable":true,"href":"https:\/\/www.c6-tooling.de\/tr\/wp-json\/wp\/v2\/media\/5573"}],"wp:attachment":[{"href":"https:\/\/www.c6-tooling.de\/tr\/wp-json\/wp\/v2\/media?parent=5556"}],"wp:term":[{"taxonomy":"category","embeddable":true,"href":"https:\/\/www.c6-tooling.de\/tr\/wp-json\/wp\/v2\/categories?post=5556"},{"taxonomy":"post_tag","embeddable":true,"href":"https:\/\/www.c6-tooling.de\/tr\/wp-json\/wp\/v2\/tags?post=5556"}],"curies":[{"name":"wp","href":"https:\/\/api.w.org\/{rel}","templated":true}]}}